{"id":14954,"date":"2020-10-09T14:26:55","date_gmt":"2020-10-09T14:26:55","guid":{"rendered":"https:\/\/www.reddelvino.com\/en\/?p=14954"},"modified":"2020-10-23T13:27:29","modified_gmt":"2020-10-23T16:27:29","slug":"gerardo-orellana-diaz","status":"publish","type":"post","link":"https:\/\/www.reddelvino.com\/es\/socio\/gerardo-orellana-diaz\/","title":{"rendered":"GERARDO ORELLANA D\u00cdAZ"},"content":{"rendered":"<div class=\"wpb-content-wrapper\"><p>[vc_row][vc_column]\r\n\t<div class=\"agrikole-spacer clearfix\" data-desktop=\"80\" data-mobi=\"40\" data-smobi=\"40\"><\/div>[vc_row_inner][vc_column_inner width=\u00bb1\/2&#8243;][vc_single_image image=\u00bb15247&#8243;]\r\n\t<div class=\"agrikole-spacer clearfix\" data-desktop=\"35\" data-mobi=\"35\" data-smobi=\"35\"><\/div>[vc_gallery type=\u00bbimage_grid\u00bb images=\u00bb15247&#8243; img_size=\u00bb100&#215;100&#8243;]\r\n\t<div class=\"agrikole-spacer clearfix\" data-desktop=\"35\" data-mobi=\"35\" data-smobi=\"35\"><\/div>[\/vc_column_inner][vc_column_inner width=\u00bb1\/2&#8243;]<div class=\"agrikole-headings clearfix \" data-font=50 data-mfont=40 style=\"\"><div class=\"pre-heading clearfix\" style=\"font-weight:600;color:#5b8c51;font-size:14px;letter-spacing:3px;\">\r\n\t\tRED DEL VINO\r\n\t<\/div><h1 class=\"heading clearfix \" style=\"line-height:50px;font-size:50px;\">\r\n\t\tGERARDO ORELLANA D\u00cdAZ\r\n\t<\/h1><div class=\"sep accent clearfix\" style=\"width:300px;height:2px;margin:15px 0 0;\"><\/div><\/div>\r\n\t<div class=\"agrikole-spacer clearfix\" data-desktop=\"40\" data-mobi=\"30\" data-smobi=\"30\"><\/div>[vc_column_text]Gerardo es socio fundador y presidente de la Red del Vino (6\u00aa regi\u00f3n). En este rol, contin\u00faa trabajando duro para crecer y fortalecer la organizaci\u00f3n.<\/p>\n<p>Desde los 14 a\u00f1os Gerardo se enamor\u00f3 de la naturaleza y las actividades en el campo. Trabajaba en la finca y disfrutaba llevando las vacas y los terneros al pasto. La parcela de tierra que recibi\u00f3 su padre estaba parcialmente plantada con vides de Sauvignon Blanc, sin embargo, se centr\u00f3 m\u00e1s en el cultivo tradicional.<\/p>\n<p>Con la muerte de su padre en 1993, Gerardo tom\u00f3 posesi\u00f3n de la tierra y en 1998 comenz\u00f3 a plantar m\u00e1s vi\u00f1as de Sauvignon Blanc junto con Chardonnay y Cabernet Sauvignon.[\/vc_column_text]\r\n\t<div class=\"agrikole-spacer clearfix\" data-desktop=\"40\" data-mobi=\"30\" data-smobi=\"30\"><\/div><div class=\"agrikole-grid-box clearfix grid2 border-light v-0 h-30 no-borders\" data-grid=\"2\" >\r\n\t\t<div class=\"agrikole-icon-box clearfix icon-left align-left  link-hover-accent simple\" style=\"\" ><div class=\"wrap-inner\" style=\"position: relative;\"><div class=\"agrikole-icon icon-1839260836 icon-font custom custom\"  data-icon=\"#5b8c51\" data-background=\"\">\r\n\t\t\t<span class=\"icon\" style=\"font-size:64px;width:64px;height:64px;border-style:solid;line-height:64px;\"><i class=\"agri-sprout2\"><\/i><\/span>\r\n\t\t<\/div> <div class=\"content-wrap\"><h3 class=\"heading \" style=\"padding-left:80px;font-weight:600;font-size:30px;line-height:50px;\">\r\n\t\t\t<span>UVAS PLANTADAS<\/span>\r\n\t\t<\/h3><div class=\"desc\" style=\"padding-left:80px;\"><p>0.8 Ha Cabernet Sauvignon<br \/>\n2.5 Ha Chardonnay<br \/>\n6.5 Ha Sauvignon Blanc<\/p>\n<\/div><\/div><\/div><\/div>\n\r\n\t<\/div>\r\n\t<div class=\"agrikole-spacer clearfix\" data-desktop=\"50\" data-mobi=\"30\" data-smobi=\"30\"><\/div><div class=\"agrikole-headings clearfix \" data-font=40 data-mfont=30 style=\"\"><div class=\"pre-heading clearfix\" style=\"font-weight:600;color:#5b8c51;font-size:14px;letter-spacing:3px;\">\r\n\t\tCONECTAR\r\n\t<\/div><h4 class=\"heading clearfix \" style=\"line-height:40px;font-size:40px;\">\r\n\t\tVAMOS SOCIAL\r\n\t<\/h4><\/div>\r\n\t<div class=\"agrikole-spacer clearfix\" data-desktop=\"50\" data-mobi=\"30\" data-smobi=\"30\"><\/div>[vc_icon icon_fontawesome=\u00bbfab fa-facebook-f\u00bb color=\u00bbwhite\u00bb background_style=\u00bbrounded\u00bb background_color=\u00bbchino\u00bb css_animation=\u00bbnone\u00bb link=\u00bburl:https%3A%2F%2Fwww.facebook.com%2Freddelvino.colchagua%2F|target:_blank\u00bb][\/vc_column_inner][\/vc_row_inner]\r\n\t<div class=\"agrikole-spacer clearfix\" data-desktop=\"100\" data-mobi=\"60\" data-smobi=\"60\"><\/div>[\/vc_column][\/vc_row][vc_row][vc_column]<div class=\"agrikole-headings clearfix text-center\" data-font=50 data-mfont=40 style=\"\"><div class=\"pre-heading clearfix\" style=\"font-weight:600;color:#5b8c51;font-size:14px;letter-spacing:3px;\">\r\n\t\tVISITAR\r\n\t<\/div><h2 class=\"heading clearfix \" style=\"line-height:50px;font-size:50px;\">\r\n\t\tGERARDO ORELLANA D\u00cdAZ\r\n\t<\/h2><div class=\"sub-heading clearfix\">\r\n\t\t<p>Parcela N\u00b0 8, El Huape, Nancagua<\/p>\n\r\n\t<\/div><\/div>\r\n\t<div class=\"agrikole-spacer clearfix\" data-desktop=\"50\" data-mobi=\"40\" data-smobi=\"40\"><\/div>[\/vc_column][\/vc_row][vc_row full_width=\u00bbstretch_row_content_no_spaces\u00bb css=\u00bb.vc_custom_1602261628813{background-color: #f5f0e9 !important;}\u00bb][vc_column]\r\n<script type=\"text\/javascript\">\r\n    var places = [[-34.511886, -71.395206]];\r\n\r\n    function agrikole_vc_gmap() {\r\n        var mapOptions = {\r\n            scrollwheel: false,\r\n            styles:[{\"featureType\":\"water\",\"elementType\":\"geometry\",\"stylers\":[{\"color\":\"#e9e9e9\"},{\"lightness\":17}]},{\"featureType\":\"landscape\",\"elementType\":\"geometry\",\"stylers\":[{\"color\":\"#f5f5f5\"},{\"lightness\":20}]},{\"featureType\":\"road.highway\",\"elementType\":\"geometry.fill\",\"stylers\":[{\"color\":\"#ffffff\"},{\"lightness\":17}]},{\"featureType\":\"road.highway\",\"elementType\":\"geometry.stroke\",\"stylers\":[{\"color\":\"#ffffff\"},{\"lightness\":29},{\"weight\":0.2}]},{\"featureType\":\"road.arterial\",\"elementType\":\"geometry\",\"stylers\":[{\"color\":\"#ffffff\"},{\"lightness\":18}]},{\"featureType\":\"road.local\",\"elementType\":\"geometry\",\"stylers\":[{\"color\":\"#ffffff\"},{\"lightness\":16}]},{\"featureType\":\"poi\",\"elementType\":\"geometry\",\"stylers\":[{\"color\":\"#f5f5f5\"},{\"lightness\":21}]},{\"featureType\":\"poi.park\",\"elementType\":\"geometry\",\"stylers\":[{\"color\":\"#dedede\"},{\"lightness\":21}]},{\"elementType\":\"labels.text.stroke\",\"stylers\":[{\"visibility\":\"on\"},{\"color\":\"#ffffff\"},{\"lightness\":16}]},{\"elementType\":\"labels.text.fill\",\"stylers\":[{\"saturation\":36},{\"color\":\"#333333\"},{\"lightness\":40}]},{\"elementType\":\"labels.icon\",\"stylers\":[{\"visibility\":\"off\"}]},{\"featureType\":\"transit\",\"elementType\":\"geometry\",\"stylers\":[{\"color\":\"#f2f2f2\"},{\"lightness\":19}]},{\"featureType\":\"administrative\",\"elementType\":\"geometry.fill\",\"stylers\":[{\"color\":\"#fefefe\"},{\"lightness\":20}]},{\"featureType\":\"administrative\",\"elementType\":\"geometry.stroke\",\"stylers\":[{\"color\":\"#fefefe\"},{\"lightness\":17},{\"weight\":1.2}]}],\r\n            draggable: true,\r\n            zoom: 11,\r\n            center: new google.maps.LatLng(-34.511886, -71.395206),\r\n            mapTypeControlOptions: {\r\n                mapTypeIds: [google.maps.MapTypeId.ROADMAP, \"map_style\"]\r\n            }\r\n        }\r\n\r\n        var map = new google.maps.Map( document.getElementById(\"map_69f4138acdc99\"), mapOptions );\r\n       \r\n        setMarkers( map, places );\r\n    }\r\n\r\n    function setMarkers( map, locations ) {\r\n        for ( var i = 0; i < locations.length; i++ ) {\r\n            var place = locations[i];\r\n            var myLatLng = new google.maps.LatLng( place[0], place[1] );\r\n            var marker = new google.maps.Marker( {\r\n                position: myLatLng,\r\n                map: map,\r\n                icon: \"\",\r\n                zIndex: place[2],\r\n                animation: google.maps.Animation.DROP\r\n            } );\r\n\r\n            google.maps.event.addListener( marker, \"click\", function () {\r\n                infowindow.setContent( decodeURIComponent( this.html ) );\r\n                infowindow.open( map, this );\r\n            } );\r\n        }\r\n    }\r\n\r\n    google.maps.event.addDomListener(window, \"load\", agrikole_vc_gmap);\r\n<\/script><div id=\"map_69f4138acdc99\" class=\"agrikole-google-map\" style=\"height:560px;\"><\/div>[\/vc_column][\/vc_row][vc_row full_width=\u00bbstretch_row\u00bb css=\u00bb.vc_custom_1602272332044{background-image: url(https:\/\/www.reddelvino.com\/en\/wp-content\/uploads\/2020\/10\/footer-shop-section.jpg?id=15081) !important;background-position: center !important;background-repeat: no-repeat !important;background-size: cover !important;}\u00bb][vc_column]\r\n\t<div class=\"agrikole-spacer clearfix\" data-desktop=\"107\" data-mobi=\"60\" data-smobi=\"60\"><\/div><div class=\"agrikole-headings clearfix text-center\" data-font=50 data-mfont=30 style=\"\"><h2 class=\"heading clearfix \" style=\"color:#ffffff;max-width:860px;margin-left: auto; margin-right: auto;line-height:62px;margin-bottom:18px;font-size:50px;\">\r\n\t\tAPOYAR EL COMERCIO JUSTO Y LOS PRODUCTORES LOCALES\r\n\t<\/h2><div class=\"sub-heading clearfix\">\r\n\t\t<h5><span style=\"color: #ffffff;\">VISITA NUESTRA TIENDA DE VINOS EN SANTA CRUZ CHILE<\/span><\/h5>\n\r\n\t<\/div><\/div>\r\n\t<div class=\"agrikole-spacer clearfix\" data-desktop=\"50\" data-mobi=\"40\" data-smobi=\"40\"><\/div><div class=\"agrikole-align-box  mobi-align-center align-center\"><div class=\"button-wrap icon-right\" style=\"\" ><a href=\"https:\/\/www.google.com\/maps\/place\/Red+Del+Vino\/@-34.6321819,-71.3587514,17.79z\/data=!4m5!3m4!1s0x96646535527b4b79:0xa62645e95a50234c!8m2!3d-34.6324173!4d-71.3579788\" target=\"_blank\" class=\"agrikole-button btn-791409320 medium no_icon accent custom\" style=\"border-radius:5px;\"  data-text=\"#404a3d\" data-text-hover=\"#404a3d\" data-background-hover=\"#ffffff\">\r\n\t\t<span style=\"\">Direcciones <\/span>\r\n\t<\/a><\/div><\/div>\r\n\t<div class=\"agrikole-spacer clearfix\" data-desktop=\"120\" data-mobi=\"60\" data-smobi=\"60\"><\/div>[\/vc_column][\/vc_row]<\/p>\n<\/div>","protected":false},"excerpt":{"rendered":"","protected":false},"author":1,"featured_media":15247,"comment_status":"closed","ping_status":"open","sticky":false,"template":"","format":"standard","meta":{"footnotes":""},"categories":[54,56,58,53],"tags":[],"class_list":["post-14954","post","type-post","status-publish","format-standard","has-post-thumbnail","hentry","category-cabernet-sauvignon","category-chardonnay","category-sauvignon-blanc","category-socio"],"yoast_head":"<!-- This site is optimized with the Yoast SEO plugin v25.6 - https:\/\/yoast.com\/wordpress\/plugins\/seo\/ -->\n<title>GERARDO ORELLANA D\u00cdAZ - ReddelVino<\/title>\n<meta name=\"robots\" content=\"index, follow, max-snippet:-1, max-image-preview:large, max-video-preview:-1\" \/>\n<link rel=\"canonical\" href=\"https:\/\/www.reddelvino.com\/es\/socio\/gerardo-orellana-diaz\/\" \/>\n<meta property=\"og:locale\" content=\"es_ES\" \/>\n<meta property=\"og:type\" content=\"article\" \/>\n<meta property=\"og:title\" content=\"GERARDO ORELLANA D\u00cdAZ - ReddelVino\" \/>\n<meta property=\"og:url\" content=\"https:\/\/www.reddelvino.com\/es\/socio\/gerardo-orellana-diaz\/\" \/>\n<meta property=\"og:site_name\" content=\"ReddelVino\" \/>\n<meta property=\"article:published_time\" content=\"2020-10-09T14:26:55+00:00\" \/>\n<meta property=\"article:modified_time\" content=\"2020-10-23T16:27:29+00:00\" \/>\n<meta property=\"og:image\" content=\"https:\/\/www.reddelvino.com\/es\/wp-content\/uploads\/2020\/10\/Gerardo-Orellana-Diaz.jpg\" \/>\n\t<meta property=\"og:image:width\" content=\"500\" \/>\n\t<meta property=\"og:image:height\" content=\"533\" \/>\n\t<meta property=\"og:image:type\" content=\"image\/jpeg\" \/>\n<meta name=\"author\" content=\"Editor\" \/>\n<meta name=\"twitter:card\" content=\"summary_large_image\" \/>\n<meta name=\"twitter:label1\" content=\"Escrito por\" \/>\n\t<meta name=\"twitter:data1\" content=\"Editor\" \/>\n\t<meta name=\"twitter:label2\" content=\"Tiempo de lectura\" \/>\n\t<meta name=\"twitter:data2\" content=\"3 minutos\" \/>\n<script type=\"application\/ld+json\" class=\"yoast-schema-graph\">{\"@context\":\"https:\/\/schema.org\",\"@graph\":[{\"@type\":\"WebPage\",\"@id\":\"https:\/\/www.reddelvino.com\/es\/socio\/gerardo-orellana-diaz\/\",\"url\":\"https:\/\/www.reddelvino.com\/es\/socio\/gerardo-orellana-diaz\/\",\"name\":\"GERARDO ORELLANA D\u00cdAZ - ReddelVino\",\"isPartOf\":{\"@id\":\"https:\/\/www.reddelvino.com\/es\/#website\"},\"primaryImageOfPage\":{\"@id\":\"https:\/\/www.reddelvino.com\/es\/socio\/gerardo-orellana-diaz\/#primaryimage\"},\"image\":{\"@id\":\"https:\/\/www.reddelvino.com\/es\/socio\/gerardo-orellana-diaz\/#primaryimage\"},\"thumbnailUrl\":\"https:\/\/www.reddelvino.com\/es\/wp-content\/uploads\/2020\/10\/Gerardo-Orellana-Diaz.jpg\",\"datePublished\":\"2020-10-09T14:26:55+00:00\",\"dateModified\":\"2020-10-23T16:27:29+00:00\",\"author\":{\"@id\":\"https:\/\/www.reddelvino.com\/es\/#\/schema\/person\/4c8ccf76e09c88fa6f299efe7997850d\"},\"breadcrumb\":{\"@id\":\"https:\/\/www.reddelvino.com\/es\/socio\/gerardo-orellana-diaz\/#breadcrumb\"},\"inLanguage\":\"es\",\"potentialAction\":[{\"@type\":\"ReadAction\",\"target\":[\"https:\/\/www.reddelvino.com\/es\/socio\/gerardo-orellana-diaz\/\"]}]},{\"@type\":\"ImageObject\",\"inLanguage\":\"es\",\"@id\":\"https:\/\/www.reddelvino.com\/es\/socio\/gerardo-orellana-diaz\/#primaryimage\",\"url\":\"https:\/\/www.reddelvino.com\/es\/wp-content\/uploads\/2020\/10\/Gerardo-Orellana-Diaz.jpg\",\"contentUrl\":\"https:\/\/www.reddelvino.com\/es\/wp-content\/uploads\/2020\/10\/Gerardo-Orellana-Diaz.jpg\",\"width\":500,\"height\":533,\"caption\":\"Gerardo Orellana D\u00edaz\"},{\"@type\":\"BreadcrumbList\",\"@id\":\"https:\/\/www.reddelvino.com\/es\/socio\/gerardo-orellana-diaz\/#breadcrumb\",\"itemListElement\":[{\"@type\":\"ListItem\",\"position\":1,\"name\":\"Home\",\"item\":\"https:\/\/www.reddelvino.com\/es\/\"},{\"@type\":\"ListItem\",\"position\":2,\"name\":\"GERARDO ORELLANA D\u00cdAZ\"}]},{\"@type\":\"WebSite\",\"@id\":\"https:\/\/www.reddelvino.com\/es\/#website\",\"url\":\"https:\/\/www.reddelvino.com\/es\/\",\"name\":\"ReddelVino\",\"description\":\"\",\"potentialAction\":[{\"@type\":\"SearchAction\",\"target\":{\"@type\":\"EntryPoint\",\"urlTemplate\":\"https:\/\/www.reddelvino.com\/es\/?s={search_term_string}\"},\"query-input\":{\"@type\":\"PropertyValueSpecification\",\"valueRequired\":true,\"valueName\":\"search_term_string\"}}],\"inLanguage\":\"es\"},{\"@type\":\"Person\",\"@id\":\"https:\/\/www.reddelvino.com\/es\/#\/schema\/person\/4c8ccf76e09c88fa6f299efe7997850d\",\"name\":\"Editor\",\"sameAs\":[\"https:\/\/www.reddelvino.com\/en\"],\"url\":\"https:\/\/www.reddelvino.com\/es\/author\/rdv-admin\/\"}]}<\/script>\n<!-- \/ Yoast SEO plugin. -->","yoast_head_json":{"title":"GERARDO ORELLANA D\u00cdAZ - ReddelVino","robots":{"index":"index","follow":"follow","max-snippet":"max-snippet:-1","max-image-preview":"max-image-preview:large","max-video-preview":"max-video-preview:-1"},"canonical":"https:\/\/www.reddelvino.com\/es\/socio\/gerardo-orellana-diaz\/","og_locale":"es_ES","og_type":"article","og_title":"GERARDO ORELLANA D\u00cdAZ - ReddelVino","og_url":"https:\/\/www.reddelvino.com\/es\/socio\/gerardo-orellana-diaz\/","og_site_name":"ReddelVino","article_published_time":"2020-10-09T14:26:55+00:00","article_modified_time":"2020-10-23T16:27:29+00:00","og_image":[{"width":500,"height":533,"url":"https:\/\/www.reddelvino.com\/es\/wp-content\/uploads\/2020\/10\/Gerardo-Orellana-Diaz.jpg","type":"image\/jpeg"}],"author":"Editor","twitter_card":"summary_large_image","twitter_misc":{"Escrito por":"Editor","Tiempo de lectura":"3 minutos"},"schema":{"@context":"https:\/\/schema.org","@graph":[{"@type":"WebPage","@id":"https:\/\/www.reddelvino.com\/es\/socio\/gerardo-orellana-diaz\/","url":"https:\/\/www.reddelvino.com\/es\/socio\/gerardo-orellana-diaz\/","name":"GERARDO ORELLANA D\u00cdAZ - ReddelVino","isPartOf":{"@id":"https:\/\/www.reddelvino.com\/es\/#website"},"primaryImageOfPage":{"@id":"https:\/\/www.reddelvino.com\/es\/socio\/gerardo-orellana-diaz\/#primaryimage"},"image":{"@id":"https:\/\/www.reddelvino.com\/es\/socio\/gerardo-orellana-diaz\/#primaryimage"},"thumbnailUrl":"https:\/\/www.reddelvino.com\/es\/wp-content\/uploads\/2020\/10\/Gerardo-Orellana-Diaz.jpg","datePublished":"2020-10-09T14:26:55+00:00","dateModified":"2020-10-23T16:27:29+00:00","author":{"@id":"https:\/\/www.reddelvino.com\/es\/#\/schema\/person\/4c8ccf76e09c88fa6f299efe7997850d"},"breadcrumb":{"@id":"https:\/\/www.reddelvino.com\/es\/socio\/gerardo-orellana-diaz\/#breadcrumb"},"inLanguage":"es","potentialAction":[{"@type":"ReadAction","target":["https:\/\/www.reddelvino.com\/es\/socio\/gerardo-orellana-diaz\/"]}]},{"@type":"ImageObject","inLanguage":"es","@id":"https:\/\/www.reddelvino.com\/es\/socio\/gerardo-orellana-diaz\/#primaryimage","url":"https:\/\/www.reddelvino.com\/es\/wp-content\/uploads\/2020\/10\/Gerardo-Orellana-Diaz.jpg","contentUrl":"https:\/\/www.reddelvino.com\/es\/wp-content\/uploads\/2020\/10\/Gerardo-Orellana-Diaz.jpg","width":500,"height":533,"caption":"Gerardo Orellana D\u00edaz"},{"@type":"BreadcrumbList","@id":"https:\/\/www.reddelvino.com\/es\/socio\/gerardo-orellana-diaz\/#breadcrumb","itemListElement":[{"@type":"ListItem","position":1,"name":"Home","item":"https:\/\/www.reddelvino.com\/es\/"},{"@type":"ListItem","position":2,"name":"GERARDO ORELLANA D\u00cdAZ"}]},{"@type":"WebSite","@id":"https:\/\/www.reddelvino.com\/es\/#website","url":"https:\/\/www.reddelvino.com\/es\/","name":"ReddelVino","description":"","potentialAction":[{"@type":"SearchAction","target":{"@type":"EntryPoint","urlTemplate":"https:\/\/www.reddelvino.com\/es\/?s={search_term_string}"},"query-input":{"@type":"PropertyValueSpecification","valueRequired":true,"valueName":"search_term_string"}}],"inLanguage":"es"},{"@type":"Person","@id":"https:\/\/www.reddelvino.com\/es\/#\/schema\/person\/4c8ccf76e09c88fa6f299efe7997850d","name":"Editor","sameAs":["https:\/\/www.reddelvino.com\/en"],"url":"https:\/\/www.reddelvino.com\/es\/author\/rdv-admin\/"}]}},"_links":{"self":[{"href":"https:\/\/www.reddelvino.com\/es\/wp-json\/wp\/v2\/posts\/14954","targetHints":{"allow":["GET"]}}],"collection":[{"href":"https:\/\/www.reddelvino.com\/es\/wp-json\/wp\/v2\/posts"}],"about":[{"href":"https:\/\/www.reddelvino.com\/es\/wp-json\/wp\/v2\/types\/post"}],"author":[{"embeddable":true,"href":"https:\/\/www.reddelvino.com\/es\/wp-json\/wp\/v2\/users\/1"}],"replies":[{"embeddable":true,"href":"https:\/\/www.reddelvino.com\/es\/wp-json\/wp\/v2\/comments?post=14954"}],"version-history":[{"count":2,"href":"https:\/\/www.reddelvino.com\/es\/wp-json\/wp\/v2\/posts\/14954\/revisions"}],"predecessor-version":[{"id":16401,"href":"https:\/\/www.reddelvino.com\/es\/wp-json\/wp\/v2\/posts\/14954\/revisions\/16401"}],"wp:featuredmedia":[{"embeddable":true,"href":"https:\/\/www.reddelvino.com\/es\/wp-json\/wp\/v2\/media\/15247"}],"wp:attachment":[{"href":"https:\/\/www.reddelvino.com\/es\/wp-json\/wp\/v2\/media?parent=14954"}],"wp:term":[{"taxonomy":"category","embeddable":true,"href":"https:\/\/www.reddelvino.com\/es\/wp-json\/wp\/v2\/categories?post=14954"},{"taxonomy":"post_tag","embeddable":true,"href":"https:\/\/www.reddelvino.com\/es\/wp-json\/wp\/v2\/tags?post=14954"}],"curies":[{"name":"wp","href":"https:\/\/api.w.org\/{rel}","templated":true}]}}